{"id":7144,"date":"2021-09-21T14:49:23","date_gmt":"2021-09-21T18:49:23","guid":{"rendered":"https:\/\/fadir.ufms.br\/?p=7144"},"modified":"2022-02-22T16:49:35","modified_gmt":"2022-02-22T20:49:35","slug":"modulo-5-a-dimensao-racial-da-violencia-contra-a-mulher-com-a-historiadora-wania-santanna","status":"publish","type":"post","link":"https:\/\/fadir.ufms.br\/en\/modulo-5-a-dimensao-racial-da-violencia-contra-a-mulher-com-a-historiadora-wania-santanna\/","title":{"rendered":"(Portugu\u00eas do Brasil) M\u00f3dulo 5: &#8220;A dimens\u00e3o racial da viol\u00eancia contra a mulher&#8221; com a Historiadora Wania Sant&#8217;anna"},"content":{"rendered":"","protected":false},"excerpt":{"rendered":"","protected":false},"author":14857,"featured_media":0,"comment_status":"closed","ping_status":"closed","sticky":false,"template":"","format":"standard","meta":{"footnotes":""},"categories":[1],"tags":[],"coauthors":[],"class_list":["post-7144","post","type-post","status-publish","format-standard","hentry","category-noticias"],"_links":{"self":[{"href":"https:\/\/fadir.ufms.br\/en\/wp-json\/wp\/v2\/posts\/7144","targetHints":{"allow":["GET"]}}],"collection":[{"href":"https:\/\/fadir.ufms.br\/en\/wp-json\/wp\/v2\/posts"}],"about":[{"href":"https:\/\/fadir.ufms.br\/en\/wp-json\/wp\/v2\/types\/post"}],"author":[{"embeddable":true,"href":"https:\/\/fadir.ufms.br\/en\/wp-json\/wp\/v2\/users\/14857"}],"replies":[{"embeddable":true,"href":"https:\/\/fadir.ufms.br\/en\/wp-json\/wp\/v2\/comments?post=7144"}],"version-history":[{"count":1,"href":"https:\/\/fadir.ufms.br\/en\/wp-json\/wp\/v2\/posts\/7144\/revisions"}],"predecessor-version":[{"id":7146,"href":"https:\/\/fadir.ufms.br\/en\/wp-json\/wp\/v2\/posts\/7144\/revisions\/7146"}],"wp:attachment":[{"href":"https:\/\/fadir.ufms.br\/en\/wp-json\/wp\/v2\/media?parent=7144"}],"wp:term":[{"taxonomy":"category","embeddable":true,"href":"https:\/\/fadir.ufms.br\/en\/wp-json\/wp\/v2\/categories?post=7144"},{"taxonomy":"post_tag","embeddable":true,"href":"https:\/\/fadir.ufms.br\/en\/wp-json\/wp\/v2\/tags?post=7144"},{"taxonomy":"author","embeddable":true,"href":"https:\/\/fadir.ufms.br\/en\/wp-json\/wp\/v2\/coauthors?post=7144"}],"curies":[{"name":"wp","href":"https:\/\/api.w.org\/{rel}","templated":true}]}}